{"id":585,"date":"2025-09-15T00:11:07","date_gmt":"2025-09-15T00:11:07","guid":{"rendered":"https:\/\/www.geoportalodca.com\/2025\/09\/15\/los-martires-afectacion-canal-los-comuneros\/"},"modified":"2025-09-18T19:23:43","modified_gmt":"2025-09-18T19:23:43","slug":"los-martires-afectacion-canal-los-comuneros","status":"publish","type":"post","link":"https:\/\/geoportalodca.com\/geo\/2025\/09\/los-martires-afectacion-canal-los-comuneros\/","title":{"rendered":"LOS M\u00c1RTIRES &#8211; Afectaci\u00f3n Canal Los Comuneros"},"content":{"rendered":"<ul>\n<li><strong>X: -74,10278<\/strong><\/li>\n<li><strong>Y: 4,610772<\/strong><\/li>\n<li><strong>Tipo de ecosistema:<\/strong> R\u00edo<\/li>\n<li><strong>Eje estructurante:<\/strong> Fucha<\/li>\n<\/ul>\n<hr \/>\n<p>La problem\u00e1tica ambiental en el Canal de los Comuneros se presenta desde a\u00f1os anteriores a 2016, principalmente debido a la inadecuada disposici\u00f3n de residuos provenientes de festejos realizados en las localidades aleda\u00f1as. Sin embargo, en el a\u00f1o 2016 esta situaci\u00f3n se agrav\u00f3, convirti\u00e9ndose en un conflicto ambiental tras la desmantelaci\u00f3n del antiguo Bronx. Este hecho trajo consigo un aumento significativo de habitantes de calle en sectores como Los M\u00e1rtires, quienes comenzaron a alojarse dentro del canal.<br \/>\nComo consecuencia, esta poblaci\u00f3n gener\u00f3 un incremento en la acumulaci\u00f3n de residuos s\u00f3lidos, el deterioro del espacio p\u00fablico, la contaminaci\u00f3n del recurso h\u00eddrico y el aumento de la inseguridad en la zona, afectando de forma directa la calidad de vida de los residentes locales.<br \/>\nAnte esta situaci\u00f3n, la ciudadan\u00eda decidi\u00f3 alertar a las entidades competentes mediante derechos de petici\u00f3n, quejas, reclamos, protestas y otras acciones, con el fin de obtener apoyo institucional frente a esta problem\u00e1tica.<br \/>\nEn la actualidad, aunque el conflicto persiste, se evidencia la participaci\u00f3n activa de entidades como LIME, la Alcald\u00eda y la comunidad local, quienes han llevado a cabo diversas jornadas de limpieza y embellecimiento del espacio, ademas de la Secretar\u00eda Distrital de Integraci\u00f3n Social encargada de atender a la poblacion vulnerable, todo esto en un esfuerzo por mejorar las condiciones ambientales y sociales del sector.<\/p>\n<ul>\n<li><strong>Indicadores:<\/strong> Actores comunitarios<\/li>\n<li><strong>Generadores:<\/strong> Habitantes de la calle, zonas residecniales, talleres automotrices.<\/li>\n<li><strong>Reguladores:<\/strong> Concejo de Bogot\u00e1;Polic\u00eda Nacional<br \/>\nUAESP;Localidad de Los Martires ;Secretaria Distrital de Ambiente<\/li>\n<\/ul>\n<hr \/>\n<h4><\/h4>\n<h4>Bibliograf\u00eda<\/h4>\n<p>Alcald\u00eda Mayor de Bogot\u00e1. (2024). Intervenimos el Canal Comuneros para mejorar la seguridad en Puente Aranda. Recuperado de http:\/\/www.puentearanda.gov.co\/noticias\/intervenimos-canal-comuneros-mejorar-la-seguridad-puente-aranda<\/p>\n<p>Alcald\u00eda Mayor de Bogot\u00e1. (2025). Corredor f\u00e9rreo, Canal Comuneros e invasi\u00f3n a espacio p\u00fablico en zonas comerciales, puntos urgentes abordados en JAL Puente Aranda. Recuperado de https:\/\/www.dadep.gov.co\/noticias\/corredor-ferreo-canal-comuneros-e-invasion-a-espacio-publico-en-zonas-comerciales-puntos-urgentes-abordados-en-jal-puente-aranda<\/p>\n<p>Alcald\u00eda Mayor de Bogot\u00e1. (s. f). Intervienen el canal Comuneros que hab\u00eda sido invadido por habitantes de calle. Recuperado de http:\/\/www.martires.gov.co\/milocalidad\/intervienen-canal-comuneros-habia-sido-invadido-habitantes-calle<\/p>\n<p>Alcald\u00eda Mayor de Bogot\u00e1. (2019). Autoridades realizaron importante intervenci\u00f3n en el Canal Comuneros. Recuperado de https:\/\/bogota.gov.co\/mi-ciudad\/seguridad\/distrito-interviene-el-canal-comuneros<\/p>\n<p>Consejo de Bogot\u00e1. (s. f). La tragedia que viven los vecinos del canal de los Comuneros. Recuperado de https:\/\/concejodebogota.gov.co\/la-tragedia-que-viven-los-vecinos-del-canal-de-los-comuneros\/cbogota\/2019-07-15\/151745.php<\/p>\n<p>Carrillo David. (2020). IDENTIFICACI\u00d3N Y CARACTERIZACI\u00d3N DE LOS CONFLICTOS AMBIENTALES PRESENTES EN LAS LOCALIDADES LOS M\u00c1RTIRES (14) Y ANTONIO NARI\u00d1O (15) DE LA CIUDAD DE BOGOT\u00c1, D.C, A 2020. Recuperado de https:\/\/udistritaleduco-my.sharepoint.com\/personal\/martinezabellojm_udistrital_edu_co\/_layouts\/15\/onedrive.aspx?ct=1751315067711&amp;or=OWA%2DNT%2DMail&amp;ga=1&amp;id=%2Fpersonal%2Fmartinezabellojm%5Fudistrital%5Fedu%5Fco%2FDocuments%2FSEMILLERO%2FTRABAJOS%20DE%20GRADO%2FCaM%20MARTIRES%2DANTONIO%20NARI%C3%91O%2Epdf&amp;parent=%2Fpersonal%2Fmartinezabellojm%5Fudistrital%5Fedu%5Fco%2FDocuments%2FSEMILLERO%2FTRABAJOS%20DE%20GRADO<\/p>\n<p>Secretaria Distrital de Ambiente. (2017). Alcald\u00eda de Puente Aranda adelanta una jornada de limpieza en el canal Comuneros. Recuperado de https:\/\/oab.ambientebogota.gov.co\/alcaldia-de-puente-aranda-adelanta-una-jornada-de-limpieza-en-el-canal-comuneros\/<\/p>\n<p>Secretaria de Integraci\u00f3n Social. (2019). Se refuerzan acciones sociales con habitantes de calle en Canal Comuneros. Recuperado de https:\/\/www.integracionsocial.gov.co\/index.php\/noticias\/98-noticias-adultez\/3340-se-refuerzan-acciones-sociales-con-habitantes-de-calle-en-canal-comuneros<\/p>\n<p>Secretaria de Seguridad, Convivencia y Justicia. (2019). Alcald\u00eda, Personer\u00eda y Polic\u00eda intervienen al Canal Comuneros. Recuperado dehttps:\/\/scj.gov.co\/es\/noticias\/alcald%C3%ADa-personer%C3%ADa-y-polic%C3%ADa-intervienen-al-canal-comuneros<\/p>\n","protected":false},"excerpt":{"rendered":"<p>X: -74,10278 Y: 4,610772 Tipo de ecosistema: R\u00edo Eje estructurante: Fucha La problem\u00e1tica ambiental en el Canal de los Comuneros se presenta desde a\u00f1os anteriores a 2016, principalmente debido a&#8230;<\/p>\n","protected":false},"author":1,"featured_media":688,"comment_status":"closed","ping_status":"open","sticky":false,"template":"","format":"standard","meta":{"footnotes":""},"categories":[15],"tags":[67,66],"class_list":["post-585","post","type-post","status-publish","format-standard","has-post-thumbnail","category-los-martires","tag-fucha","tag-rio"],"_links":{"self":[{"href":"https:\/\/geoportalodca.com\/geo\/wp-json\/wp\/v2\/posts\/585","targetHints":{"allow":["GET"]}}],"collection":[{"href":"https:\/\/geoportalodca.com\/geo\/wp-json\/wp\/v2\/posts"}],"about":[{"href":"https:\/\/geoportalodca.com\/geo\/wp-json\/wp\/v2\/types\/post"}],"author":[{"embeddable":true,"href":"https:\/\/geoportalodca.com\/geo\/wp-json\/wp\/v2\/users\/1"}],"replies":[{"embeddable":true,"href":"https:\/\/geoportalodca.com\/geo\/wp-json\/wp\/v2\/comments?post=585"}],"version-history":[{"count":1,"href":"https:\/\/geoportalodca.com\/geo\/wp-json\/wp\/v2\/posts\/585\/revisions"}],"predecessor-version":[{"id":689,"href":"https:\/\/geoportalodca.com\/geo\/wp-json\/wp\/v2\/posts\/585\/revisions\/689"}],"wp:featuredmedia":[{"embeddable":true,"href":"https:\/\/geoportalodca.com\/geo\/wp-json\/wp\/v2\/media\/688"}],"wp:attachment":[{"href":"https:\/\/geoportalodca.com\/geo\/wp-json\/wp\/v2\/media?parent=585"}],"wp:term":[{"taxonomy":"category","embeddable":true,"href":"https:\/\/geoportalodca.com\/geo\/wp-json\/wp\/v2\/categories?post=585"},{"taxonomy":"post_tag","embeddable":true,"href":"https:\/\/geoportalodca.com\/geo\/wp-json\/wp\/v2\/tags?post=585"}],"curies":[{"name":"wp","href":"https:\/\/api.w.org\/{rel}","templated":true}]}}