{"id":589,"date":"2025-09-15T00:11:07","date_gmt":"2025-09-15T00:11:07","guid":{"rendered":"https:\/\/www.geoportalodca.com\/2025\/09\/15\/la-candelaria-inadecuada-disposicion-de-residuos-solidos\/"},"modified":"2025-09-18T19:23:43","modified_gmt":"2025-09-18T19:23:43","slug":"la-candelaria-inadecuada-disposicion-de-residuos-solidos","status":"publish","type":"post","link":"https:\/\/geoportalodca.com\/geo\/2025\/09\/la-candelaria-inadecuada-disposicion-de-residuos-solidos\/","title":{"rendered":"LA CANDELARIA &#8211; Inadecuada disposicion de residuos s\u00f3lidos"},"content":{"rendered":"<ul>\n<li><strong>X: -74,071<\/strong><\/li>\n<li><strong>Y: 4,592<\/strong><\/li>\n<li><strong>Tipo de ecosistema:<\/strong> Urbano<\/li>\n<li><strong>Eje estructurante:<\/strong> Infraestructura urbana<\/li>\n<\/ul>\n<hr \/>\n<p>El conflicto ambiental en la localidad de La Candelaria, particularmente en el sector del Chorro de Quevedo, se ha intensificado en los \u00faltimos a\u00f1os debido a la ocupaci\u00f3n desordenada del espacio p\u00fablico, la generaci\u00f3n constante de residuos s\u00f3lidos, la contaminaci\u00f3n sonora derivada del uso de equipos de sonido en comercios y presentaciones callejeras, y la presi\u00f3n tur\u00edstica sobre zonas patrimoniales. Estas problem\u00e1ticas han generado un impacto ambiental y urbano significativo, afectando la calidad de vida de los residentes y el equilibrio del ecosistema urbano.En respuesta, la Alcald\u00eda Local de La Candelaria, la Secretar\u00eda Distrital de Ambiente (SDA) y el DADEP implementaron diversas acciones. En marzo de 2023, se llevaron a cabo m\u00e1s de 90 operativos de inspecci\u00f3n, vigilancia y control, con una inversi\u00f3n de 123\u202fmillones de pesos, para mejorar la gesti\u00f3n de residuos y recuperar \u00e1reas impactadas del centro hist\u00f3rico. Ese mismo mes se firm\u00f3 un Acuerdo de Convivencia en el Chorro de Quevedo, donde comerciantes y autoridades acordaron gestionar adecuadamente residuos, controlar el ruido nocturno y regular horarios de venta .<\/p>\n<p>Como parte de la estrategia \u201cEl Centro Vive\u201d, la SDA lider\u00f3 en febrero-marzo de 2024 una serie de jornadas de educaci\u00f3n y embellecimiento ambiental, enfocadas en promover la separaci\u00f3n en la fuente (3R) y retirar afeites visuales y residuos en zonas patrimoniales (ministerio de ambiente) Adem\u00e1s, en mayo de 2025 se desarroll\u00f3 la primera Reciclat\u00f3n, ofreciendo puntos de recolecci\u00f3n especializada de residuos peligrosos y especiales, reforzando el compromiso con la gesti\u00f3n sostenible<\/p>\n<p>A nivel normativo, en febrero de 2023 se oficializ\u00f3 el PEMP del Centro Hist\u00f3rico (Resoluci\u00f3n 088 de 2021), que establece lineamientos para la protecci\u00f3n del entorno patrimonial y la gesti\u00f3n del espacio p\u00fablico. No obstante, los residentes han se\u00f1alado que su implementaci\u00f3n enfrenta barreras como limitaci\u00f3n de recursos, falta de seguimiento y persistencia de pr\u00e1cticas informales que siguen generando basura y ruido excesivo.<\/p>\n<p>Estos hechos evidencian un conflicto activo, donde la alerta comunitaria y la acci\u00f3n institucional han logrado avances, pero a\u00fan existen retos importantes como la sostenibilidad de las intervenciones, la regulaci\u00f3n efectiva del comercio informal y la consolidaci\u00f3n de una cultura de corresponsabilidad ciudadana en la conservaci\u00f3n ambiental y patrimonial de La Candelaria.<\/p>\n<ul>\n<li><strong>Indicadores:<\/strong> Promoambiental<\/li>\n<li><strong>Generadores:<\/strong> Poblaci\u00f3n de la localidad<\/li>\n<li><strong>Reguladores:<\/strong> Secretar\u00eda Distrital de Ambiente<\/li>\n<\/ul>\n<hr \/>\n<h4><\/h4>\n<h4>Bibliograf\u00eda<\/h4>\n<p>Alcald\u00eda Local de La Candelaria. (2023, marzo 13). La Alcald\u00eda Local de La Candelaria tiene destinados $123 millones para el manejo ambiental de la localidad. https:\/\/www.lacandelaria.gov.co\/noticias\/la-alcaldia-local-la-candelaria-tiene-destinados-123-millones-manejo-ambiental-la-localidad<\/p>\n<p>Alcald\u00eda Mayor de Bogot\u00e1. (2025, mayo 28). Participa en la primera jornada de Reciclat\u00f3n de Bogot\u00e1 este 28 y 29 de mayo de 2025. https:\/\/bogota.gov.co\/mi-ciudad\/ambiente\/participa-en-primera-jornada-reciclaton-bogota-28-y-29-de-mayo-de-2025<\/p>\n<p>Ambientebogota.gov.co. (2024, febrero 15). El Centro Vive: jornadas de educaci\u00f3n ambiental en el Centro de Bogot\u00e1. Secretar\u00eda Distrital de Ambiente. https:\/\/www.ambientebogota.gov.co\/noticias-de-ambiente1\/-\/asset_publisher\/CWsNLtoGa4f6\/content\/el-centro-vive-jornadas-de-educacion-ambiental-en-bogota<\/p>\n<p>Departamento Administrativo de Planeaci\u00f3n Distrital [DAPD]. (2017). Plan Ambiental Local \u2013 Localidad de La Candelaria 2017-2020. Observatorio Ambiental de Bogot\u00e1. https:\/\/oab.ambientebogota.gov.co\/wp-content\/uploads\/dlm_uploads\/2017\/08\/7.-DIAGN.-AMB-Actzdo-CAND-dic.019.pdf<\/p>\n<p>Ministerio de Cultura. (2023, febrero 24). Resoluci\u00f3n 088 de 2021 \u2013 Plan Especial de Manejo y Protecci\u00f3n del Centro Hist\u00f3rico de Bogot\u00e1. https:\/\/www.mincultura.gov.co\/prensa\/noticias\/paginas\/resolucion-088-pemp-centro-historico-bogota.aspx<\/p>\n<p>Secretar\u00eda Distrital de Planeaci\u00f3n. (2023). Informe de Rendici\u00f3n de Cuentas por Localidad \u2013 La Candelaria. https:\/\/www.sdp.gov.co\/sites\/default\/files\/17._la_candelaria_informe_rc_2023.pdf<\/p>\n","protected":false},"excerpt":{"rendered":"<p>X: -74,071 Y: 4,592 Tipo de ecosistema: Urbano Eje estructurante: Infraestructura urbana El conflicto ambiental en la localidad de La Candelaria, particularmente en el sector del Chorro de Quevedo, se&#8230;<\/p>\n","protected":false},"author":1,"featured_media":696,"comment_status":"closed","ping_status":"open","sticky":false,"template":"","format":"standard","meta":{"footnotes":""},"categories":[18],"tags":[62,61],"class_list":["post-589","post","type-post","status-publish","format-standard","has-post-thumbnail","category-la-candelaria","tag-infraestructura-urbana","tag-urbano"],"_links":{"self":[{"href":"https:\/\/geoportalodca.com\/geo\/wp-json\/wp\/v2\/posts\/589","targetHints":{"allow":["GET"]}}],"collection":[{"href":"https:\/\/geoportalodca.com\/geo\/wp-json\/wp\/v2\/posts"}],"about":[{"href":"https:\/\/geoportalodca.com\/geo\/wp-json\/wp\/v2\/types\/post"}],"author":[{"embeddable":true,"href":"https:\/\/geoportalodca.com\/geo\/wp-json\/wp\/v2\/users\/1"}],"replies":[{"embeddable":true,"href":"https:\/\/geoportalodca.com\/geo\/wp-json\/wp\/v2\/comments?post=589"}],"version-history":[{"count":1,"href":"https:\/\/geoportalodca.com\/geo\/wp-json\/wp\/v2\/posts\/589\/revisions"}],"predecessor-version":[{"id":697,"href":"https:\/\/geoportalodca.com\/geo\/wp-json\/wp\/v2\/posts\/589\/revisions\/697"}],"wp:featuredmedia":[{"embeddable":true,"href":"https:\/\/geoportalodca.com\/geo\/wp-json\/wp\/v2\/media\/696"}],"wp:attachment":[{"href":"https:\/\/geoportalodca.com\/geo\/wp-json\/wp\/v2\/media?parent=589"}],"wp:term":[{"taxonomy":"category","embeddable":true,"href":"https:\/\/geoportalodca.com\/geo\/wp-json\/wp\/v2\/categories?post=589"},{"taxonomy":"post_tag","embeddable":true,"href":"https:\/\/geoportalodca.com\/geo\/wp-json\/wp\/v2\/tags?post=589"}],"curies":[{"name":"wp","href":"https:\/\/api.w.org\/{rel}","templated":true}]}}