{"id":590,"date":"2025-09-15T00:11:07","date_gmt":"2025-09-15T00:11:07","guid":{"rendered":"https:\/\/www.geoportalodca.com\/2025\/09\/15\/rafaeluribeuribe-parque-metropolitano-bosque-san-carlos\/"},"modified":"2025-09-18T19:23:43","modified_gmt":"2025-09-18T19:23:43","slug":"rafaeluribeuribe-parque-metropolitano-bosque-san-carlos","status":"publish","type":"post","link":"https:\/\/geoportalodca.com\/geo\/2025\/09\/rafaeluribeuribe-parque-metropolitano-bosque-san-carlos\/","title":{"rendered":"RAFAEL URIBE URIBE &#8211; Parque Metropolitano Bosque San Carlos"},"content":{"rendered":"<ul>\n<li><strong>X: -74,104968<\/strong><\/li>\n<li><strong>Y: 4,572705<\/strong><\/li>\n<li><strong>Tipo de ecosistema:<\/strong> Parque<\/li>\n<li><strong>Eje estructurante:<\/strong> Infraestructura urbana<\/li>\n<\/ul>\n<hr \/>\n<p>El conflicto ambiental en el Parque Metropolitano Bosque San Carlos surge a ra\u00edz de la tala masiva de \u00e1rboles y la desprotecci\u00f3n del ecosistema, lo que llev\u00f3 a la comunidad a interponer una acci\u00f3n popular en 2008. Esta iniciativa sent\u00f3 un precedente importante al visibilizar la necesidad de proteger las zonas verdes urbanas frente a proyectos que vulneran su integridad ecol\u00f3gica. A partir de 2018, la comunidad logr\u00f3 detener temporalmente la tala mediante la organizaci\u00f3n de un comit\u00e9 de vigilancia y la intervenci\u00f3n de entidades como la Secretar\u00eda Distrital de Ambiente y el Jard\u00edn Bot\u00e1nico de Bogot\u00e1. Esta experiencia demuestra c\u00f3mo la acci\u00f3n ciudadana puede influir en la gesti\u00f3n p\u00fablica, aunque tambi\u00e9n evidencia las limitaciones estructurales para garantizar una protecci\u00f3n ambiental efectiva y sostenida en el tiempo.<\/p>\n<ul>\n<li><strong>Indicadores:<\/strong> Comunidad alrededor del parque Metropolitano Bosque San Carlos<\/li>\n<li><strong>Generadores:<\/strong> Secretaria Distrital de Ambiente;Jard\u00edn Bot\u00e1nico de Bogot\u00e1 \u201cJos\u00e9 celestino Mutis\u201d<\/li>\n<li><strong>Reguladores:<\/strong> Secretaria Distrital de Ambiente;Jard\u00edn Bot\u00e1nico de Bogot\u00e1 \u201cJos\u00e9 celestino Mutis\u201d;Personer\u00eda Distrital<\/li>\n<\/ul>\n<hr \/>\n<h4><\/h4>\n<h4>Bibliograf\u00eda<\/h4>\n<p>Jard\u00edn Bot\u00e1nico de Bogot\u00e1. (2020). Informe sobre arborizaci\u00f3n urbana y conservaci\u00f3n de bosques. https:\/\/jbb.gov.co<\/p>\n<p>Secretar\u00eda Distrital de Ambiente. (2021). Protecci\u00f3n y manejo de ecosistemas urbanos. https:\/\/ambientebogota.gov.co<\/p>\n","protected":false},"excerpt":{"rendered":"<p>X: -74,104968 Y: 4,572705 Tipo de ecosistema: Parque Eje estructurante: Infraestructura urbana El conflicto ambiental en el Parque Metropolitano Bosque San Carlos surge a ra\u00edz de la tala masiva de&#8230;<\/p>\n","protected":false},"author":1,"featured_media":698,"comment_status":"closed","ping_status":"open","sticky":false,"template":"","format":"standard","meta":{"footnotes":""},"categories":[27],"tags":[62,59],"class_list":["post-590","post","type-post","status-publish","format-standard","has-post-thumbnail","category-rafaeluribeuribe","tag-infraestructura-urbana","tag-parque"],"_links":{"self":[{"href":"https:\/\/geoportalodca.com\/geo\/wp-json\/wp\/v2\/posts\/590","targetHints":{"allow":["GET"]}}],"collection":[{"href":"https:\/\/geoportalodca.com\/geo\/wp-json\/wp\/v2\/posts"}],"about":[{"href":"https:\/\/geoportalodca.com\/geo\/wp-json\/wp\/v2\/types\/post"}],"author":[{"embeddable":true,"href":"https:\/\/geoportalodca.com\/geo\/wp-json\/wp\/v2\/users\/1"}],"replies":[{"embeddable":true,"href":"https:\/\/geoportalodca.com\/geo\/wp-json\/wp\/v2\/comments?post=590"}],"version-history":[{"count":1,"href":"https:\/\/geoportalodca.com\/geo\/wp-json\/wp\/v2\/posts\/590\/revisions"}],"predecessor-version":[{"id":699,"href":"https:\/\/geoportalodca.com\/geo\/wp-json\/wp\/v2\/posts\/590\/revisions\/699"}],"wp:featuredmedia":[{"embeddable":true,"href":"https:\/\/geoportalodca.com\/geo\/wp-json\/wp\/v2\/media\/698"}],"wp:attachment":[{"href":"https:\/\/geoportalodca.com\/geo\/wp-json\/wp\/v2\/media?parent=590"}],"wp:term":[{"taxonomy":"category","embeddable":true,"href":"https:\/\/geoportalodca.com\/geo\/wp-json\/wp\/v2\/categories?post=590"},{"taxonomy":"post_tag","embeddable":true,"href":"https:\/\/geoportalodca.com\/geo\/wp-json\/wp\/v2\/tags?post=590"}],"curies":[{"name":"wp","href":"https:\/\/api.w.org\/{rel}","templated":true}]}}